{"id":95,"date":"2021-10-08T18:56:16","date_gmt":"2021-10-08T16:56:16","guid":{"rendered":"https:\/\/www.20flow7.com\/theorie\/?p=95"},"modified":"2022-03-04T12:24:09","modified_gmt":"2022-03-04T11:24:09","slug":"der-persoenlichkeitskern","status":"publish","type":"post","link":"https:\/\/www.20flow7.com\/theorie\/der-persoenlichkeitskern\/","title":{"rendered":"Pers\u00f6nlichkeitskern"},"content":{"rendered":"\n<div class=\"wp-block-media-text alignwide has-media-on-the-right is-stacked-on-mobile is-vertically-aligned-center\" style=\"grid-template-columns:auto 29%\"><figure class=\"wp-block-media-text__media\"><img loading=\"lazy\" decoding=\"async\" width=\"493\" height=\"477\" src=\"https:\/\/www.20flow7.com\/theorie\/wp-content\/uploads\/sites\/2\/2021\/10\/Typenkreis_web.jpg\" alt=\"Die vier Kerntypen im \u00dcberblick.\" class=\"wp-image-162 size-full\" srcset=\"https:\/\/www.20flow7.com\/theorie\/wp-content\/uploads\/sites\/2\/2021\/10\/Typenkreis_web.jpg 493w, https:\/\/www.20flow7.com\/theorie\/wp-content\/uploads\/sites\/2\/2021\/10\/Typenkreis_web-300x290.jpg 300w, https:\/\/www.20flow7.com\/theorie\/wp-content\/uploads\/sites\/2\/2021\/10\/Typenkreis_web-248x240.jpg 248w\" sizes=\"auto, (max-width: 493px) 100vw, 493px\" \/><\/figure><div class=\"wp-block-media-text__content\">\n<div style=\"height:54px\" aria-hidden=\"true\" class=\"wp-block-spacer\"><\/div>\n\n\n\n<p>ClaVis basiert auf der Theorie der Pers\u00f6nlichkeits-System-Interaktionen von <a href=\"https:\/\/www.20flow7.com\/theorie\/persoenlichkeitstheorien\/\" data-type=\"post\" data-id=\"581\" target=\"_blank\" rel=\"noreferrer noopener\">Prof. Julius Kuhl<\/a> und dem <a rel=\"noreferrer noopener\" href=\"https:\/\/www.20flow7.com\/theorie\/schnelles-denken-langsames-denken\/\" data-type=\"post\" data-id=\"164\" target=\"_blank\">System 1 und System 2<\/a> von Prof. Daniel Kahneman.<\/p>\n\n\n\n<p>Die Pers\u00f6nlichkeit setzt sich demnach aus einem Kern und einer <a rel=\"noreferrer noopener\" href=\"https:\/\/www.20flow7.com\/theorie\/persoenlichkeitsschale\/\" data-type=\"post\" data-id=\"171\" target=\"_blank\">Schale<\/a> zusammen. Im Kern wirkt, wie Sie gerade schon gelesen haben, zum einen die Art der <a href=\"https:\/\/www.20flow7.com\/theorie\/die-wahrnehmung-2\/\" data-type=\"post\" data-id=\"138\" target=\"_blank\" rel=\"noreferrer noopener\">Wahrnehmung<\/a> zum anderen die Art, wie wir <a href=\"https:\/\/www.20flow7.com\/theorie\/entscheidung-p-typ\/\" data-type=\"post\" data-id=\"204\" target=\"_blank\" rel=\"noreferrer noopener\">Entscheidungen<\/a> treffen. Aus den unterschiedlichen Kombinationen der Wahrnehmungs- und Entscheidungsdimension ergeben sich vier unterschiedliche Kerntypen.<\/p>\n\n\n\n<p>Diese vier Kerntypen sind nat\u00fcrlich als grobe Vereinfachung zu sehen. Sie stellen aber gut die sehr unterschiedlichen Muster dar, nach denen unterschiedliche Menschen handeln. So k\u00f6nnen sie uns helfen, uns selbst \u2013 und auch andere \u2013 besser einzuordnen und zu verstehen.<\/p>\n\n\n\n<div style=\"height:59px\" aria-hidden=\"true\" class=\"wp-block-spacer\"><\/div>\n<\/div><\/div>\n\n\n\n<p>Tats\u00e4chlich kann ein Mensch aufgrund seiner individuellen Pers\u00f6nlichkeit aber auch ein Mischtyp sein, zum Beispiel zu einem gro\u00dfen Anteil ein <strong><span style=\"color:#66cccc\" class=\"has-inline-color\">SO<\/span><\/strong> mit seiner analytisch-objektiven Resultatorientierung und gleichzeitig nahezu genauso ausgepr\u00e4gt ein <strong><strong><span style=\"color:#660033\" class=\"has-inline-color\">SP<\/span><\/strong><\/strong> mit seiner Entwicklungsorientierung und Hilfsbereitschaft. Zudem spielen die weiteren Pers\u00f6nlichkeitsdimensionen eine gro\u00dfe Rolle dabei, wie die einzelnen Kerndimensionen miteinander interagieren. <\/p>\n\n\n\n<h2 class=\"wp-block-heading\" id=\"die-vier-kerntypen\">Die vier Kerntypen<\/h2>\n\n\n\n<div class=\"wp-block-columns is-layout-flex wp-container-core-columns-is-layout-9d6595d7 wp-block-columns-is-layout-flex\">\n<div class=\"wp-block-column is-layout-flow wp-block-column-is-layout-flow\">\n<h3 class=\"wp-block-heading\" id=\"so-die-analytiker-innen\"><mark style=\"background-color:rgba(0, 0, 0, 0);color:#66cccc\" class=\"has-inline-color\"><strong>SO<\/strong> \u2013 die Analytiker_innen<\/mark><\/h3>\n\n\n\n<p><strong><span style=\"color:#66cccc\" class=\"has-inline-color\">SO<\/span><\/strong>-Typen m\u00f6gen es, analytisch zu denken und konkret umzusetzen. Sie geh\u00f6ren zu den resultatorientierten Menschen. Ihnen liegen Zahlen und Fakten. Sie neigen zu schnellem, an Regeln orientiertem Handeln. Ihre St\u00e4rken sind detailorientiertes Wissen, Genauigkeit und Organisationstalent.<\/p>\n\n\n\n<h3 class=\"wp-block-heading\" id=\"sp-die-beziehungsmenschen\"><mark style=\"background-color:rgba(0, 0, 0, 0);color:#660033\" class=\"has-inline-color\"><strong>SP<\/strong> \u2013 die Beziehungsmenschen<\/mark><\/h3>\n\n\n\n<p><strong><mark style=\"background-color:rgba(0, 0, 0, 0);color:#660033\" class=\"has-inline-color\">SP<\/mark><\/strong>-Typen streben nach Harmonie und m\u00f6chten das Gute bewahren. Ihr Verhalten ist an Entwicklung orientiert. In ihrem Fokus stehen Tatendrang, die Behebung von Fehlern bei einer gleichzeitig starken Zielorientierung. Ihre besonderen Talente liegen im Helfen, Beraten und Pflegen.<\/p>\n<\/div>\n\n\n\n<div class=\"wp-block-column is-layout-flow wp-block-column-is-layout-flow\">\n<h3 class=\"wp-block-heading\" id=\"ao-die-planer-innen\"><mark style=\"background-color:rgba(0, 0, 0, 0);color:#336699\" class=\"has-inline-color\"><strong>AO<\/strong> \u2013 die Planer_innen<\/mark><\/h3>\n\n\n\n<p><strong><span style=\"color:#336699\" class=\"has-inline-color\">AO<\/span><\/strong>-Typen sind diejenigen, die langfristig planen und Strategien verfolgen. Ihr Verhalten ist an Wirkung orientiert. Sie nehmen die Welt ganzheitlich wahr, entscheiden weitgehend rational und haben dadurch innovative Ideen, die sie zielstrebig angehen. Ihre Welt ist die des Planens und der Konstruktion.<\/p>\n\n\n\n<h3 class=\"wp-block-heading\" id=\"ap-die-trendsetter-innen\"><mark style=\"background-color:rgba(0, 0, 0, 0);color:#99cc33\" class=\"has-inline-color\"><strong>AP<\/strong> \u2013 die Trendsetter_innen<\/mark><\/h3>\n\n\n\n<p><strong><span style=\"color:#99cc33\" class=\"has-inline-color\">AP<\/span><\/strong>-Typen setzen Trends und geh\u00f6ren zu den integrationsorientierten Menschen. Sie haben einen untr\u00fcglichen Blick f\u00fcr Chancen und M\u00f6glichkeiten. Kreativit\u00e4t geh\u00f6rt ebenso zu ihren St\u00e4rken wie die Motivation anderer Menschen. Entscheidungen treffen sie eher emotional.<\/p>\n<\/div>\n<\/div>\n\n\n\n<ul class=\"wp-block-list\" style=\"font-size:12px\"><li><a rel=\"noreferrer noopener\" href=\"https:\/\/www.20flow7.com\/literatur\/\" target=\"_blank\">Vgl. Scheffer\/Kuhl 2006<\/a> und <a href=\"https:\/\/www.20flow7.com\/literatur\/\" target=\"_blank\" rel=\"noreferrer noopener\">Scheffer\/Manke 2017<\/a><\/li><\/ul>\n\n\n\n<div style=\"height:90px\" aria-hidden=\"true\" class=\"wp-block-spacer\"><\/div>\n\n\n\n<p class=\"has-text-align-right\"><\/p>\n\n\n\n<div class=\"wp-block-image\"><figure class=\"aligncenter size-full\"><a href=\"https:\/\/www.20flow7.com\/theorie\/persoenlichkeitsschale\/\"><img loading=\"lazy\" decoding=\"async\" width=\"335\" height=\"175\" src=\"https:\/\/www.20flow7.com\/theorie\/wp-content\/uploads\/sites\/2\/2021\/10\/Schale.png\" alt=\"\" class=\"wp-image-854\" srcset=\"https:\/\/www.20flow7.com\/theorie\/wp-content\/uploads\/sites\/2\/2021\/10\/Schale.png 335w, https:\/\/www.20flow7.com\/theorie\/wp-content\/uploads\/sites\/2\/2021\/10\/Schale-96x50.png 96w\" sizes=\"auto, (max-width: 335px) 100vw, 335px\" \/><\/a><\/figure><\/div>\n","protected":false},"excerpt":{"rendered":"<p>Wahrnehmung und Entscheidung in Interaktion<\/p>\n","protected":false},"author":1,"featured_media":473,"comment_status":"closed","ping_status":"closed","sticky":false,"template":"","format":"standard","meta":{"footnotes":""},"categories":[7,10],"tags":[],"class_list":["post-95","post","type-post","status-publish","format-standard","has-post-thumbnail","hentry","category-persoenlichkeits-system-interaktions-theorie","category-persoenlichkeitskern"],"_links":{"self":[{"href":"https:\/\/www.20flow7.com\/theorie\/wp-json\/wp\/v2\/posts\/95","targetHints":{"allow":["GET"]}}],"collection":[{"href":"https:\/\/www.20flow7.com\/theorie\/wp-json\/wp\/v2\/posts"}],"about":[{"href":"https:\/\/www.20flow7.com\/theorie\/wp-json\/wp\/v2\/types\/post"}],"author":[{"embeddable":true,"href":"https:\/\/www.20flow7.com\/theorie\/wp-json\/wp\/v2\/users\/1"}],"replies":[{"embeddable":true,"href":"https:\/\/www.20flow7.com\/theorie\/wp-json\/wp\/v2\/comments?post=95"}],"version-history":[{"count":79,"href":"https:\/\/www.20flow7.com\/theorie\/wp-json\/wp\/v2\/posts\/95\/revisions"}],"predecessor-version":[{"id":1100,"href":"https:\/\/www.20flow7.com\/theorie\/wp-json\/wp\/v2\/posts\/95\/revisions\/1100"}],"wp:featuredmedia":[{"embeddable":true,"href":"https:\/\/www.20flow7.com\/theorie\/wp-json\/wp\/v2\/media\/473"}],"wp:attachment":[{"href":"https:\/\/www.20flow7.com\/theorie\/wp-json\/wp\/v2\/media?parent=95"}],"wp:term":[{"taxonomy":"category","embeddable":true,"href":"https:\/\/www.20flow7.com\/theorie\/wp-json\/wp\/v2\/categories?post=95"},{"taxonomy":"post_tag","embeddable":true,"href":"https:\/\/www.20flow7.com\/theorie\/wp-json\/wp\/v2\/tags?post=95"}],"curies":[{"name":"wp","href":"https:\/\/api.w.org\/{rel}","templated":true}]}}